{"id":17471,"date":"2025-04-18T16:08:51","date_gmt":"2025-04-18T14:08:51","guid":{"rendered":"https:\/\/paroisse-herbasse.fr\/?p=17471"},"modified":"2025-04-18T16:11:15","modified_gmt":"2025-04-18T14:11:15","slug":"dimanche-de-paques-2025","status":"publish","type":"post","link":"https:\/\/paroisse-herbasse.fr\/index.php\/2025\/04\/18\/dimanche-de-paques-2025\/","title":{"rendered":"Dimanche de P\u00e2ques 2025"},"content":{"rendered":"<p>[et_pb_section fb_built=\u00a0\u00bb1&Prime; _builder_version=\u00a0\u00bb4.27.4&Prime; _module_preset=\u00a0\u00bbdefault\u00a0\u00bb global_colors_info=\u00a0\u00bb{}\u00a0\u00bb][et_pb_row _builder_version=\u00a0\u00bb4.27.4&Prime; _module_preset=\u00a0\u00bbdefault\u00a0\u00bb global_colors_info=\u00a0\u00bb{}\u00a0\u00bb][et_pb_column type=\u00a0\u00bb4_4&Prime; _builder_version=\u00a0\u00bb4.27.4&Prime; _module_preset=\u00a0\u00bbdefault\u00a0\u00bb global_colors_info=\u00a0\u00bb{}\u00a0\u00bb][et_pb_text _builder_version=\u00a0\u00bb4.27.4&Prime; _module_preset=\u00a0\u00bbdefault\u00a0\u00bb global_colors_info=\u00a0\u00bb{}\u00a0\u00bb]<\/p>\n<p style=\"text-align: center; line-height: 2em; font-size: 44px; letter-spacing: 5px;\"><strong>R\u00e9surrection du Seigneur<\/strong><br \/>\n20 avril 2025<\/p>\n<p>[\/et_pb_text][et_pb_text _builder_version=\u00a0\u00bb4.27.4&Prime; _module_preset=\u00a0\u00bbdefault\u00a0\u00bb global_colors_info=\u00a0\u00bb{}\u00a0\u00bb]<\/p>\n<h1>Entr\u00e9e<\/h1>\n<p>Laudate dominum, omnes gentes all\u00e9luia<\/p>\n<p>&nbsp;<\/p>\n<p>[\/et_pb_text][et_pb_text _builder_version=\u00a0\u00bb4.27.4&Prime; _module_preset=\u00a0\u00bbdefault\u00a0\u00bb global_colors_info=\u00a0\u00bb{}\u00a0\u00bb]<\/p>\n<h1>Aspersion<\/h1>\n<p>1. J&rsquo;ai vu l&rsquo;eau vive jaillissant du c\u0153ur du Christ, All\u00e9luia ! <strong>All\u00e9luia !<\/strong><br \/>Tous ceux que lave cette eau seront sauv\u00e9s et chanteront <strong>All\u00e9luia !<\/strong><br \/>All\u00e9luia ! <strong>All\u00e9luia !<\/strong> All\u00e9luia ! <strong>All\u00e9luia !<\/strong> All\u00e9luia ! <strong>All\u00e9luia !<\/strong><\/p>\n<p>2. J&rsquo;ai vu la source devenir un fleuve immense, All\u00e9luia ! <strong>All\u00e9luia !<\/strong><br \/>Les fils de Dieu, rassembl\u00e9s, chantaient leur joie d&rsquo;\u00eatre sauv\u00e9s, <strong>All\u00e9luia !<\/strong><br \/>All\u00e9luia ! <strong>All\u00e9luia !<\/strong> all\u00e9luia ! <strong>All\u00e9luia !<\/strong> all\u00e9luia ! <strong>All\u00e9luia !<\/strong><\/p>\n<p>3. J&rsquo;ai vu le Temple d\u00e9sormais s&rsquo;ouvrir \u00e0 tous, all\u00e9luia !<strong> All\u00e9luia !<\/strong><br \/>Le Christ revient victorieux montrant la plaie de son c\u00f4t\u00e9, <strong>All\u00e9luia !<\/strong><br \/>All\u00e9luia ! <strong>All\u00e9luia !<\/strong> All\u00e9luia ! <strong>All\u00e9luia !<\/strong> All\u00e9luia ! <strong>All\u00e9luia !<\/strong><\/p>\n<p>4. J&rsquo;ai vu le Verbe nous donner la paix de Dieu, all\u00e9luia ! <strong>All\u00e9luia !<\/strong><br \/>Tous ceux qui croient en son nom seront sauv\u00e9s et chanteront : <strong>All\u00e9luia !<\/strong><br \/>All\u00e9luia ! <strong>All\u00e9luia !<\/strong> All\u00e9luia ! <strong>All\u00e9luia !<\/strong> All\u00e9luia ! <strong>All\u00e9luia !<\/strong><\/p>\n<p>&nbsp;<\/p>\n<p>[\/et_pb_text][et_pb_image src=\u00a0\u00bbhttps:\/\/paroisse-herbasse.fr\/wp-content\/uploads\/2024\/12\/Capture-decran-2024-12-22-121813.png\u00a0\u00bb title_text=\u00a0\u00bbCapture d&rsquo;\u00e9cran 2024-12-22 121813&Prime; align=\u00a0\u00bbcenter\u00a0\u00bb force_fullwidth=\u00a0\u00bbon\u00a0\u00bb _builder_version=\u00a0\u00bb4.27.4&Prime; _module_preset=\u00a0\u00bbdefault\u00a0\u00bb custom_margin=\u00a0\u00bb||||false|false\u00a0\u00bb custom_margin_tablet=\u00a0\u00bb0px|0px|0px|0px|false|false\u00a0\u00bb custom_margin_phone=\u00a0\u00bb0px|0px|0px|0px|false|false\u00a0\u00bb custom_margin_last_edited=\u00a0\u00bboff|desktop\u00a0\u00bb custom_padding=\u00a0\u00bb0px|0px|0px|0px|false|false\u00a0\u00bb global_colors_info=\u00a0\u00bb{}\u00a0\u00bb][\/et_pb_image][et_pb_text _builder_version=\u00a0\u00bb4.27.4&Prime; _module_preset=\u00a0\u00bbdefault\u00a0\u00bb global_colors_info=\u00a0\u00bb{}\u00a0\u00bb]<\/p>\n<h1>Psaume<\/h1>\n<p>All\u00e9luia<\/p>\n<p>&nbsp;<\/p>\n<p>[\/et_pb_text][et_pb_text _builder_version=\u00a0\u00bb4.27.4&Prime; _module_preset=\u00a0\u00bbdefault\u00a0\u00bb global_colors_info=\u00a0\u00bb{}\u00a0\u00bb]<\/p>\n<h1>S\u00e9quence<\/h1>\n<p>[\/et_pb_text][\/et_pb_column][\/et_pb_row][et_pb_row column_structure=\u00a0\u00bb1_2,1_2&Prime; _builder_version=\u00a0\u00bb4.27.4&Prime; _module_preset=\u00a0\u00bbdefault\u00a0\u00bb global_colors_info=\u00a0\u00bb{}\u00a0\u00bb][et_pb_column type=\u00a0\u00bb1_2&Prime; _builder_version=\u00a0\u00bb4.27.4&Prime; _module_preset=\u00a0\u00bbdefault\u00a0\u00bb global_colors_info=\u00a0\u00bb{}\u00a0\u00bb][et_pb_text _builder_version=\u00a0\u00bb4.27.4&Prime; _module_preset=\u00a0\u00bbdefault\u00a0\u00bb global_colors_info=\u00a0\u00bb{}\u00a0\u00bb]<\/p>\n<p>Victimae paschali laudes inmolent Christiani.<\/p>\n<p>[\/et_pb_text][\/et_pb_column][et_pb_column type=\u00a0\u00bb1_2&Prime; _builder_version=\u00a0\u00bb4.27.4&Prime; _module_preset=\u00a0\u00bbdefault\u00a0\u00bb global_colors_info=\u00a0\u00bb{}\u00a0\u00bb][et_pb_text module_class=\u00a0\u00bbserif\u00a0\u00bb _builder_version=\u00a0\u00bb4.27.4&Prime; _module_preset=\u00a0\u00bbdefault\u00a0\u00bb global_colors_info=\u00a0\u00bb{}\u00a0\u00bb]<\/p>\n<p><em>\u00c0 la victime pascale, chr\u00e9tiens, offrez le sacrifice de louange.<\/em><\/p>\n<p>[\/et_pb_text][\/et_pb_column][\/et_pb_row][et_pb_row column_structure=\u00a0\u00bb1_2,1_2&Prime; _builder_version=\u00a0\u00bb4.27.4&Prime; _module_preset=\u00a0\u00bbdefault\u00a0\u00bb global_colors_info=\u00a0\u00bb{}\u00a0\u00bb][et_pb_column type=\u00a0\u00bb1_2&Prime; _builder_version=\u00a0\u00bb4.27.4&Prime; _module_preset=\u00a0\u00bbdefault\u00a0\u00bb global_colors_info=\u00a0\u00bb{}\u00a0\u00bb][et_pb_text _builder_version=\u00a0\u00bb4.27.4&Prime; _module_preset=\u00a0\u00bbdefault\u00a0\u00bb global_colors_info=\u00a0\u00bb{}\u00a0\u00bb]<\/p>\n<p>Agnus redemit oves : Christus innocens Patri reconciliavit peccatores.<\/p>\n<p>[\/et_pb_text][\/et_pb_column][et_pb_column type=\u00a0\u00bb1_2&Prime; _builder_version=\u00a0\u00bb4.27.4&Prime; _module_preset=\u00a0\u00bbdefault\u00a0\u00bb global_colors_info=\u00a0\u00bb{}\u00a0\u00bb][et_pb_text module_class=\u00a0\u00bbserif\u00a0\u00bb _builder_version=\u00a0\u00bb4.27.4&Prime; _module_preset=\u00a0\u00bbdefault\u00a0\u00bb global_colors_info=\u00a0\u00bb{}\u00a0\u00bb]<\/p>\n<p><em>L\u2019Agneau a rachet\u00e9 les brebis : le Christ innocent a r\u00e9concili\u00e9 l\u2019homme p\u00e9cheur avec le P\u00e8re.<\/em><\/p>\n<p>[\/et_pb_text][\/et_pb_column][\/et_pb_row][et_pb_row column_structure=\u00a0\u00bb1_2,1_2&Prime; _builder_version=\u00a0\u00bb4.27.4&Prime; _module_preset=\u00a0\u00bbdefault\u00a0\u00bb global_colors_info=\u00a0\u00bb{}\u00a0\u00bb][et_pb_column type=\u00a0\u00bb1_2&Prime; _builder_version=\u00a0\u00bb4.27.4&Prime; _module_preset=\u00a0\u00bbdefault\u00a0\u00bb global_colors_info=\u00a0\u00bb{}\u00a0\u00bb][et_pb_text _builder_version=\u00a0\u00bb4.27.4&Prime; _module_preset=\u00a0\u00bbdefault\u00a0\u00bb global_colors_info=\u00a0\u00bb{}\u00a0\u00bb]<\/p>\n<p>Mors et vitaduzloconflixeremirando : dux vitae mortuus, regnatvivus.<\/p>\n<p>[\/et_pb_text][\/et_pb_column][et_pb_column type=\u00a0\u00bb1_2&Prime; _builder_version=\u00a0\u00bb4.27.4&Prime; _module_preset=\u00a0\u00bbdefault\u00a0\u00bb global_colors_info=\u00a0\u00bb{}\u00a0\u00bb][et_pb_text module_class=\u00a0\u00bbserif\u00a0\u00bb _builder_version=\u00a0\u00bb4.27.4&Prime; _module_preset=\u00a0\u00bbdefault\u00a0\u00bb global_colors_info=\u00a0\u00bb{}\u00a0\u00bb]<\/p>\n<p><em>La mort et la vie s\u2019affront\u00e8rent en un duel prodigieux. Le Maitre de la vie mourut ; vivant, il r\u00e8gne.<\/em><\/p>\n<p>[\/et_pb_text][\/et_pb_column][\/et_pb_row][et_pb_row column_structure=\u00a0\u00bb1_2,1_2&Prime; _builder_version=\u00a0\u00bb4.27.4&Prime; _module_preset=\u00a0\u00bbdefault\u00a0\u00bb global_colors_info=\u00a0\u00bb{}\u00a0\u00bb][et_pb_column type=\u00a0\u00bb1_2&Prime; _builder_version=\u00a0\u00bb4.27.4&Prime; _module_preset=\u00a0\u00bbdefault\u00a0\u00bb global_colors_info=\u00a0\u00bb{}\u00a0\u00bb][et_pb_text _builder_version=\u00a0\u00bb4.27.4&Prime; _module_preset=\u00a0\u00bbdefault\u00a0\u00bb global_colors_info=\u00a0\u00bb{}\u00a0\u00bb]<\/p>\n<p>Dic nobis Maria, quid vidisti in via ?<\/p>\n<p>[\/et_pb_text][\/et_pb_column][et_pb_column type=\u00a0\u00bb1_2&Prime; _builder_version=\u00a0\u00bb4.27.4&Prime; _module_preset=\u00a0\u00bbdefault\u00a0\u00bb global_colors_info=\u00a0\u00bb{}\u00a0\u00bb][et_pb_text module_class=\u00a0\u00bbserif\u00a0\u00bb _builder_version=\u00a0\u00bb4.27.4&Prime; _module_preset=\u00a0\u00bbdefault\u00a0\u00bb global_colors_info=\u00a0\u00bb{}\u00a0\u00bb]<\/p>\n<p><em>\u00ab Dis-nous, Marie-Madeleine, qu\u2019as-tu vu en chemin ? \u00bb<\/em><\/p>\n<p>[\/et_pb_text][\/et_pb_column][\/et_pb_row][et_pb_row column_structure=\u00a0\u00bb1_2,1_2&Prime; _builder_version=\u00a0\u00bb4.27.4&Prime; _module_preset=\u00a0\u00bbdefault\u00a0\u00bb global_colors_info=\u00a0\u00bb{}\u00a0\u00bb][et_pb_column type=\u00a0\u00bb1_2&Prime; _builder_version=\u00a0\u00bb4.27.4&Prime; _module_preset=\u00a0\u00bbdefault\u00a0\u00bb global_colors_info=\u00a0\u00bb{}\u00a0\u00bb][et_pb_text _builder_version=\u00a0\u00bb4.27.4&Prime; _module_preset=\u00a0\u00bbdefault\u00a0\u00bb global_colors_info=\u00a0\u00bb{}\u00a0\u00bb]<\/p>\n<p>Sepulcrum Christi viventis et gloriamvidiresurgentis :<\/p>\n<p>[\/et_pb_text][\/et_pb_column][et_pb_column type=\u00a0\u00bb1_2&Prime; _builder_version=\u00a0\u00bb4.27.4&Prime; _module_preset=\u00a0\u00bbdefault\u00a0\u00bb global_colors_info=\u00a0\u00bb{}\u00a0\u00bb][et_pb_text module_class=\u00a0\u00bbserif\u00a0\u00bb _builder_version=\u00a0\u00bb4.27.4&Prime; _module_preset=\u00a0\u00bbdefault\u00a0\u00bb global_colors_info=\u00a0\u00bb{}\u00a0\u00bb]<\/p>\n<p><em>\u00ab J\u2019ai vu le s\u00e9pulcre du Christ vivant, j\u2019ai vu la gloire du Ressuscit\u00e9.<\/em><\/p>\n<p>[\/et_pb_text][\/et_pb_column][\/et_pb_row][et_pb_row column_structure=\u00a0\u00bb1_2,1_2&Prime; _builder_version=\u00a0\u00bb4.27.4&Prime; _module_preset=\u00a0\u00bbdefault\u00a0\u00bb global_colors_info=\u00a0\u00bb{}\u00a0\u00bb][et_pb_column type=\u00a0\u00bb1_2&Prime; _builder_version=\u00a0\u00bb4.27.4&Prime; _module_preset=\u00a0\u00bbdefault\u00a0\u00bb global_colors_info=\u00a0\u00bb{}\u00a0\u00bb][et_pb_text _builder_version=\u00a0\u00bb4.27.4&Prime; _module_preset=\u00a0\u00bbdefault\u00a0\u00bb global_colors_info=\u00a0\u00bb{}\u00a0\u00bb]<\/p>\n<p>Angelicos testes, sudarium et vestes.<\/p>\n<p>[\/et_pb_text][\/et_pb_column][et_pb_column type=\u00a0\u00bb1_2&Prime; _builder_version=\u00a0\u00bb4.27.4&Prime; _module_preset=\u00a0\u00bbdefault\u00a0\u00bb global_colors_info=\u00a0\u00bb{}\u00a0\u00bb][et_pb_text module_class=\u00a0\u00bbserif\u00a0\u00bb _builder_version=\u00a0\u00bb4.27.4&Prime; _module_preset=\u00a0\u00bbdefault\u00a0\u00bb global_colors_info=\u00a0\u00bb{}\u00a0\u00bb]<\/p>\n<p><em>J\u2019ai vu les les anges ses t\u00e9moins, le suaire et les v\u00eatements.<\/em><\/p>\n<p>[\/et_pb_text][\/et_pb_column][\/et_pb_row][et_pb_row column_structure=\u00a0\u00bb1_2,1_2&Prime; _builder_version=\u00a0\u00bb4.27.4&Prime; _module_preset=\u00a0\u00bbdefault\u00a0\u00bb global_colors_info=\u00a0\u00bb{}\u00a0\u00bb][et_pb_column type=\u00a0\u00bb1_2&Prime; _builder_version=\u00a0\u00bb4.27.4&Prime; _module_preset=\u00a0\u00bbdefault\u00a0\u00bb global_colors_info=\u00a0\u00bb{}\u00a0\u00bb][et_pb_text _builder_version=\u00a0\u00bb4.27.4&Prime; _module_preset=\u00a0\u00bbdefault\u00a0\u00bb global_colors_info=\u00a0\u00bb{}\u00a0\u00bb]<\/p>\n<p>Surrexit Christus spesmea :praecedetsuos in Galilaeam.<\/p>\n<p>[\/et_pb_text][\/et_pb_column][et_pb_column type=\u00a0\u00bb1_2&Prime; _builder_version=\u00a0\u00bb4.27.4&Prime; _module_preset=\u00a0\u00bbdefault\u00a0\u00bb global_colors_info=\u00a0\u00bb{}\u00a0\u00bb][et_pb_text module_class=\u00a0\u00bbserif\u00a0\u00bb _builder_version=\u00a0\u00bb4.27.4&Prime; _module_preset=\u00a0\u00bbdefault\u00a0\u00bb global_colors_info=\u00a0\u00bb{}\u00a0\u00bb]<\/p>\n<p><em>Le Christ, mon esp\u00e9rance, est ressuscit\u00e9 ! Il vous pr\u00e9c\u00e8dera en Galil\u00e9e. \u00bb<\/em><\/p>\n<p>[\/et_pb_text][\/et_pb_column][\/et_pb_row][et_pb_row column_structure=\u00a0\u00bb1_2,1_2&Prime; _builder_version=\u00a0\u00bb4.27.4&Prime; _module_preset=\u00a0\u00bbdefault\u00a0\u00bb global_colors_info=\u00a0\u00bb{}\u00a0\u00bb][et_pb_column type=\u00a0\u00bb1_2&Prime; _builder_version=\u00a0\u00bb4.27.4&Prime; _module_preset=\u00a0\u00bbdefault\u00a0\u00bb global_colors_info=\u00a0\u00bb{}\u00a0\u00bb][et_pb_text _builder_version=\u00a0\u00bb4.27.4&Prime; _module_preset=\u00a0\u00bbdefault\u00a0\u00bb global_colors_info=\u00a0\u00bb{}\u00a0\u00bb]<\/p>\n<p>ScimusChristumsurrexisse a mortuisvere : tu nobis victor Rex, miserere.<\/p>\n<p>[\/et_pb_text][\/et_pb_column][et_pb_column type=\u00a0\u00bb1_2&Prime; _builder_version=\u00a0\u00bb4.27.4&Prime; _module_preset=\u00a0\u00bbdefault\u00a0\u00bb global_colors_info=\u00a0\u00bb{}\u00a0\u00bb][et_pb_text module_class=\u00a0\u00bbserif\u00a0\u00bb _builder_version=\u00a0\u00bb4.27.4&Prime; _module_preset=\u00a0\u00bbdefault\u00a0\u00bb global_colors_info=\u00a0\u00bb{}\u00a0\u00bb]<\/p>\n<p><em>Nous le savons : le Christ est vraiment ressuscit\u00e9 des morts. Roi victorieux, prends-nous tous en piti\u00e9.<\/em><\/p>\n<p>[\/et_pb_text][\/et_pb_column][\/et_pb_row][et_pb_row _builder_version=\u00a0\u00bb4.27.4&Prime; _module_preset=\u00a0\u00bbdefault\u00a0\u00bb global_colors_info=\u00a0\u00bb{}\u00a0\u00bb][et_pb_column type=\u00a0\u00bb4_4&Prime; _builder_version=\u00a0\u00bb4.27.4&Prime; _module_preset=\u00a0\u00bbdefault\u00a0\u00bb global_colors_info=\u00a0\u00bb{}\u00a0\u00bb][et_pb_text _builder_version=\u00a0\u00bb4.27.4&Prime; _module_preset=\u00a0\u00bbdefault\u00a0\u00bb global_colors_info=\u00a0\u00bb{}\u00a0\u00bb]<\/p>\n<p>Amen. Alleluia.<\/p>\n<p>&nbsp;<\/p>\n<p>[\/et_pb_text][et_pb_text _builder_version=\u00a0\u00bb4.27.4&Prime; _module_preset=\u00a0\u00bbdefault\u00a0\u00bb global_colors_info=\u00a0\u00bb{}\u00a0\u00bb]<\/p>\n<h1>Pri\u00e8re universelle<\/h1>\n<p>\u00d4 Christ ressuscit\u00e9 exauce nous.<\/p>\n<p>&nbsp;<\/p>\n<p>[\/et_pb_text][et_pb_text _builder_version=\u00a0\u00bb4.27.4&Prime; _module_preset=\u00a0\u00bbdefault\u00a0\u00bb global_colors_info=\u00a0\u00bb{}\u00a0\u00bb]<\/p>\n<h1>Source de tout amour<\/h1>\n<p><strong>Source de tout amour, de toute vie et de tout don, <\/strong><br \/><strong>Fais de nous, \u00f4 P\u00e8re, une vivante offrande <\/strong><br \/><strong>\u00c0 la louange de ta gloire, de ta gloire.<\/strong><\/p>\n<p>1. Voici nos c\u0153urs :<br \/>Re\u00e7ois-les, console-les,<br \/>Pour qu\u2019ils se donnent sans compter :<br \/>Et pour aimer en v\u00e9rit\u00e9,<br \/>Donne-nous le c\u0153ur de ton Fils.<\/p>\n<p>2. Voici nos corps :<br \/>Re\u00e7ois-les, affermis-les,<br \/>Pour qu\u2019ils te servent dans la joie :<br \/>Et pour aimer en v\u00e9rit\u00e9,<br \/>Donne-nous le corps de ton Fils.<\/p>\n<p>3. Voici nos \u00e2mes :<br \/>Re\u00e7ois-les, purifie-les,<br \/>Pour qu\u2019elles te chantent \u00e0 jamais :<br \/>Et pour aimer en v\u00e9rit\u00e9,<br \/>Donne-nous la vie de ton Fils.<\/p>\n<p>4. Voici ces dons,<br \/>Re\u00e7ois-les, f\u00e9conde-les,<br \/>Pour qu\u2019ils prolongent ici ton \u0153uvre :<br \/>Et pour aimer en v\u00e9rit\u00e9,<br \/>Envoie-nous l\u2019Esprit d\u2019unit\u00e9.<\/p>\n<p>&nbsp;<\/p>\n<p>[\/et_pb_text][et_pb_text _builder_version=\u00a0\u00bb4.27.4&Prime; _module_preset=\u00a0\u00bbdefault\u00a0\u00bb global_colors_info=\u00a0\u00bb{}\u00a0\u00bb]<\/p>\n<h1>Le Christ est vivant<\/h1>\n<p>1. Le Christ est vivant ! All\u00e9luia ! <br \/>Il est parmi nous ! All\u00e9luia ! <br \/>B\u00e9ni soit son nom dans tout l\u2019univers ! <br \/>All\u00e9luia ! All\u00e9luia !<\/p>\n<p>2. C\u2019est lui notre joie ! All\u00e9luia ! <br \/>C\u2019est lui notre espoir ! All\u00e9luia ! <br \/>C\u2019est lui notre pain, c\u2019est lui notre vie, <br \/>All\u00e9luia ! All\u00e9luia !<\/p>\n<p>3. Soyons dans la joie ! All\u00e9luia ! <br \/>Louons le Seigneur ! All\u00e9luia ! <br \/>Il nous a aim\u00e9s, il nous a sauv\u00e9s, <br \/>All\u00e9luia ! All\u00e9luia !<\/p>\n<p>4. Louange au Seigneur ! All\u00e9luia ! <br \/>Au P\u00e8re tr\u00e8s bon, All\u00e9luia ! <br \/>Au Christ, \u00e0 l\u2019Esprit, aux si\u00e8cles sans fin ! <br \/>All\u00e9luia ! All\u00e9luia !<\/p>\n<p>[\/et_pb_text][\/et_pb_column][\/et_pb_row][\/et_pb_section]<\/p>\n","protected":false},"excerpt":{"rendered":"<p>R\u00e9surrection du Seigneur 20 avril 2025Entr\u00e9e Laudate dominum, omnes gentes all\u00e9luia &nbsp;Aspersion 1. J&rsquo;ai vu l&rsquo;eau vive jaillissant du c\u0153ur du Christ, All\u00e9luia ! All\u00e9luia !Tous ceux que lave cette [&hellip;]<\/p>\n","protected":false},"author":10,"featured_media":0,"comment_status":"open","ping_status":"open","sticky":false,"template":"","format":"standard","meta":{"_et_pb_use_builder":"on","_et_pb_old_content":"","_et_gb_content_width":"","inline_featured_image":false,"footnotes":""},"class_list":["post-17471","post","type-post","status-publish","format-standard","hentry","category-feuille-de-messe"],"_links":{"self":[{"href":"https:\/\/paroisse-herbasse.fr\/index.php\/wp-json\/wp\/v2\/posts\/17471","targetHints":{"allow":["GET"]}}],"collection":[{"href":"https:\/\/paroisse-herbasse.fr\/index.php\/wp-json\/wp\/v2\/posts"}],"about":[{"href":"https:\/\/paroisse-herbasse.fr\/index.php\/wp-json\/wp\/v2\/types\/post"}],"author":[{"embeddable":true,"href":"https:\/\/paroisse-herbasse.fr\/index.php\/wp-json\/wp\/v2\/users\/10"}],"replies":[{"embeddable":true,"href":"https:\/\/paroisse-herbasse.fr\/index.php\/wp-json\/wp\/v2\/comments?post=17471"}],"version-history":[{"count":3,"href":"https:\/\/paroisse-herbasse.fr\/index.php\/wp-json\/wp\/v2\/posts\/17471\/revisions"}],"predecessor-version":[{"id":17477,"href":"https:\/\/paroisse-herbasse.fr\/index.php\/wp-json\/wp\/v2\/posts\/17471\/revisions\/17477"}],"wp:attachment":[{"href":"https:\/\/paroisse-herbasse.fr\/index.php\/wp-json\/wp\/v2\/media?parent=17471"}],"curies":[{"name":"wp","href":"https:\/\/api.w.org\/{rel}","templated":true}]}}